{"id":964,"date":"2019-08-30T08:01:06","date_gmt":"2019-08-30T06:01:06","guid":{"rendered":"https:\/\/www.sgleimbach.de\/?p=964"},"modified":"2019-09-03T12:18:38","modified_gmt":"2019-09-03T10:18:38","slug":"luca_blanke_neuzugang","status":"publish","type":"post","link":"https:\/\/www.sgleimbach.de\/index.php\/2019\/08\/luca_blanke_neuzugang\/","title":{"rendered":"Willkommen Luca!"},"content":{"rendered":"<p>[vc_row row_type=&#8220;row&#8220; use_row_as_full_screen_section=&#8220;no&#8220; type=&#8220;grid&#8220; text_align=&#8220;left&#8220; background_animation=&#8220;none&#8220; css_animation=&#8220;&#8220;][vc_column][vc_column_text]<\/p>\n<h3>Mit Luca Blanke bekommen wir einen weiteren jungen Spieler in unseren Kader.<\/h3>\n<p>[\/vc_column_text][vc_empty_space][vc_column_text]Luca ist ein 17-j\u00e4hriger Leimbacher. Er fing bereits mit sechs Jahre an Fu\u00dfball zu spielen. Von der G- bis zur D-Jugend spielte er f\u00fcr den SV Bielen. In der C-Jugend gastierte er ein Jahr beim FSV Wacker 90 Nordhausen, ehe er dann zur\u00fcck nach Bielen kam. In Bielen spielte er bis zur A-Jugend und war dort Kapit\u00e4n und Leistungstr\u00e4ger.<\/p>\n<p>Wir freuen uns Luca in unseren Reihen begr\u00fc\u00dfen zu d\u00fcrfen.[\/vc_column_text][vc_empty_space height=&#8220;96px&#8220;][\/vc_column][\/vc_row]<\/p>\n","protected":false},"excerpt":{"rendered":"<p>[vc_row row_type=&#8220;row&#8220; use_row_as_full_screen_section=&#8220;no&#8220; type=&#8220;grid&#8220; text_align=&#8220;left&#8220; background_animation=&#8220;none&#8220; css_animation=&#8220;&#8220;][vc_column][vc_column_text] Mit Luca Blanke bekommen wir einen weiteren jungen Spieler in unseren Kader. [\/vc_column_text][vc_empty_space][vc_column_text]Luca ist ein 17-j\u00e4hriger Leimbacher. Er fing bereits mit sechs Jahre an Fu\u00dfball zu spielen. Von der G- bis zur D-Jugend spielte er f\u00fcr den SV&#8230;<\/p>\n","protected":false},"author":1,"featured_media":993,"comment_status":"open","ping_status":"open","sticky":false,"template":"","format":"standard","meta":[],"categories":[3,13],"tags":[],"_links":{"self":[{"href":"https:\/\/www.sgleimbach.de\/index.php\/wp-json\/wp\/v2\/posts\/964"}],"collection":[{"href":"https:\/\/www.sgleimbach.de\/index.php\/wp-json\/wp\/v2\/posts"}],"about":[{"href":"https:\/\/www.sgleimbach.de\/index.php\/wp-json\/wp\/v2\/types\/post"}],"author":[{"embeddable":true,"href":"https:\/\/www.sgleimbach.de\/index.php\/wp-json\/wp\/v2\/users\/1"}],"replies":[{"embeddable":true,"href":"https:\/\/www.sgleimbach.de\/index.php\/wp-json\/wp\/v2\/comments?post=964"}],"version-history":[{"count":2,"href":"https:\/\/www.sgleimbach.de\/index.php\/wp-json\/wp\/v2\/posts\/964\/revisions"}],"predecessor-version":[{"id":1034,"href":"https:\/\/www.sgleimbach.de\/index.php\/wp-json\/wp\/v2\/posts\/964\/revisions\/1034"}],"wp:featuredmedia":[{"embeddable":true,"href":"https:\/\/www.sgleimbach.de\/index.php\/wp-json\/wp\/v2\/media\/993"}],"wp:attachment":[{"href":"https:\/\/www.sgleimbach.de\/index.php\/wp-json\/wp\/v2\/media?parent=964"}],"wp:term":[{"taxonomy":"category","embeddable":true,"href":"https:\/\/www.sgleimbach.de\/index.php\/wp-json\/wp\/v2\/categories?post=964"},{"taxonomy":"post_tag","embeddable":true,"href":"https:\/\/www.sgleimbach.de\/index.php\/wp-json\/wp\/v2\/tags?post=964"}],"curies":[{"name":"wp","href":"https:\/\/api.w.org\/{rel}","templated":true}]}}