{"id":580,"date":"2019-08-02T10:01:06","date_gmt":"2019-08-02T08:01:06","guid":{"rendered":"https:\/\/sgleimbach.de\/?p=580"},"modified":"2019-08-20T09:10:48","modified_gmt":"2019-08-20T07:10:48","slug":"sv-bw-lipprechterode-sg-leimbach","status":"publish","type":"post","link":"https:\/\/www.sgleimbach.de\/index.php\/2019\/08\/sv-bw-lipprechterode-sg-leimbach\/","title":{"rendered":"SV BW Lipprechterode &#8211; SG Leimbach"},"content":{"rendered":"<p>[vc_row row_type=&#8220;row&#8220; use_row_as_full_screen_section=&#8220;no&#8220; type=&#8220;grid&#8220; text_align=&#8220;left&#8220; background_animation=&#8220;none&#8220; css_animation=&#8220;&#8220;][vc_column][vc_column_text]Zum Er\u00f6ffnungsspiel der Kreisoberligasaison 2019\/2020 reiste unsere Mannschaft am Freitagabend zum Vorjahresmeister nach Lipprechterode. Vom Gegner unbeeindruckt versuchten wir von Anfang an unser Spiel durchzusetzen, doch die ersten Chancen gab es vom Gastgeber. Einen Fernschuss von Tobias Windweh in der 13. Spielminute lenkte Torh\u00fcter Kevin Gr\u00f6ger \u00fcber die Querlatte. Eine Minute Sp\u00e4ter traf Marcel Teichm\u00fcller zum 1:0. Nach einer Ecke konnte der Ball nicht entscheidend gekl\u00e4rt werden, so kam der Torsch\u00fctze 20 Meter vor dem Tor frei zum Schuss und der Ball landete im rechten Winkel. Trotz des R\u00fcckstandes lie\u00df sich unser Team nicht aus der Ruhe bringen. Die ersten Abschl\u00fcsse von Neuzugang Robert Knopp und Justin Helbing verfehlten das Tor, ehe Justin Helbing nach Pass von Robert Knopp von links nach innen zog und den Ball per Flachschuss zum 1:1 im Tor versenkte. Mit dem Untentschieden ging es in die Pause. Die Anfangsphase des zweiten Durchganges geh\u00f6rte den Gastgebern. In der 57. Spielminute traf Tobias Windweh nach einer Flanke von Alexander Graf per Kopf zum 2:1. In den folgenden Zehn Spielminuten verpassten es die Gastgeber das 3:1 zu erzielen. So konnte Justin Helbing nach einem langen Ball und Kopfballverl\u00e4ngerung vom eingewechselten Neuzugang Steven Harthaus zum 2:2 ausgleichen. In den letzten 20. Minuten wurde das Spiel h\u00e4rter und es gab Chancen auf beiden Seiten. Am Ende blieb es beim 2:2.[\/vc_column_text][vc_empty_space][vc_column_text]<\/p>\n<h4>Tore<\/h4>\n<p>[\/vc_column_text][vc_column_text]1:0 Marcel Teichm\u00fcller (13.)<br \/>\n1:1 Justin Helbing (27.)<br \/>\n2:1 Tobias Windweh (57.)<br \/>\n2:2 Justin Helbing (71.)[\/vc_column_text][vc_empty_space][vc_column_text]<\/p>\n<h4>Aufstellung<\/h4>\n<p>[\/vc_column_text][vc_empty_space][vc_column_text]<\/p>\n<p style=\"text-align: center;\">Gr\u00f6ger<br \/>\nKuchenbuch(70. Harthaus), Anulewicz, G\u00f6bel<br \/>\nHesse, H\u00fcbler<br \/>\nKnopp, Joachimi (60. P. Busch), Helbing, M.Busch<br \/>\nTeichmann(92. Barthel)<\/p>\n<p>[\/vc_column_text][vc_empty_space height=&#8220;96px&#8220;][\/vc_column][\/vc_row][vc_row row_type=&#8220;row&#8220; use_row_as_full_screen_section=&#8220;no&#8220; type=&#8220;full_width&#8220; text_align=&#8220;left&#8220; background_animation=&#8220;none&#8220; css_animation=&#8220;&#8220;][vc_column][vc_gallery type=&#8220;image_grid&#8220; images=&#8220;605,606,607,608,609,610,611,612&#8243; img_size=&#8220;large&#8220; column_number=&#8220;4&#8243; grayscale=&#8220;no&#8220; space_between_images=&#8220;no&#8220;][\/vc_column][\/vc_row]<\/p>\n","protected":false},"excerpt":{"rendered":"<p>[vc_row row_type=&#8220;row&#8220; use_row_as_full_screen_section=&#8220;no&#8220; type=&#8220;grid&#8220; text_align=&#8220;left&#8220; background_animation=&#8220;none&#8220; css_animation=&#8220;&#8220;][vc_column][vc_column_text]Zum Er\u00f6ffnungsspiel der Kreisoberligasaison 2019\/2020 reiste unsere Mannschaft am Freitagabend zum Vorjahresmeister nach Lipprechterode. Vom Gegner unbeeindruckt versuchten wir von Anfang an unser Spiel durchzusetzen, doch die ersten Chancen gab es vom Gastgeber. Einen Fernschuss von Tobias Windweh in&#8230;<\/p>\n","protected":false},"author":1,"featured_media":604,"comment_status":"open","ping_status":"open","sticky":false,"template":"","format":"standard","meta":[],"categories":[3,4],"tags":[],"_links":{"self":[{"href":"https:\/\/www.sgleimbach.de\/index.php\/wp-json\/wp\/v2\/posts\/580"}],"collection":[{"href":"https:\/\/www.sgleimbach.de\/index.php\/wp-json\/wp\/v2\/posts"}],"about":[{"href":"https:\/\/www.sgleimbach.de\/index.php\/wp-json\/wp\/v2\/types\/post"}],"author":[{"embeddable":true,"href":"https:\/\/www.sgleimbach.de\/index.php\/wp-json\/wp\/v2\/users\/1"}],"replies":[{"embeddable":true,"href":"https:\/\/www.sgleimbach.de\/index.php\/wp-json\/wp\/v2\/comments?post=580"}],"version-history":[{"count":2,"href":"https:\/\/www.sgleimbach.de\/index.php\/wp-json\/wp\/v2\/posts\/580\/revisions"}],"predecessor-version":[{"id":769,"href":"https:\/\/www.sgleimbach.de\/index.php\/wp-json\/wp\/v2\/posts\/580\/revisions\/769"}],"wp:featuredmedia":[{"embeddable":true,"href":"https:\/\/www.sgleimbach.de\/index.php\/wp-json\/wp\/v2\/media\/604"}],"wp:attachment":[{"href":"https:\/\/www.sgleimbach.de\/index.php\/wp-json\/wp\/v2\/media?parent=580"}],"wp:term":[{"taxonomy":"category","embeddable":true,"href":"https:\/\/www.sgleimbach.de\/index.php\/wp-json\/wp\/v2\/categories?post=580"},{"taxonomy":"post_tag","embeddable":true,"href":"https:\/\/www.sgleimbach.de\/index.php\/wp-json\/wp\/v2\/tags?post=580"}],"curies":[{"name":"wp","href":"https:\/\/api.w.org\/{rel}","templated":true}]}}