{"id":419,"date":"2019-05-24T09:03:34","date_gmt":"2019-05-24T07:03:34","guid":{"rendered":"https:\/\/sgleimbach.de\/?p=419"},"modified":"2019-08-05T08:29:13","modified_gmt":"2019-08-05T06:29:13","slug":"sven-kreidemeier-trainer","status":"publish","type":"post","link":"https:\/\/www.sgleimbach.de\/index.php\/2019\/05\/sven-kreidemeier-trainer\/","title":{"rendered":"Sven Kreidemeier wird neuer Trainer der SG Leimbach"},"content":{"rendered":"<p>[vc_row row_type=&#8220;row&#8220; use_row_as_full_screen_section=&#8220;no&#8220; type=&#8220;full_width&#8220; text_align=&#8220;left&#8220; background_animation=&#8220;none&#8220; css_animation=&#8220;&#8220;][vc_column][vc_column_text]<\/p>\n<div>Bei den Fu\u00dfballern der SG Leimbach steht ein Trainerwechsel an. Stephan Winsel, der die 1. Mannschaft aktuell bis auf Platz zwei in der Kreisliga-Tabelle gef\u00fchrt hat, beendet seine T\u00e4tigkeit aus pers\u00f6nlichen Gr\u00fcnden zum Ende der Saison<strong>. <\/strong>Ganz ans Aufh\u00f6ren denkt er aber nicht. Er m\u00f6chte der SG als Spieler &#8211; soweit es ihm die Zeit erlaubt &#8211; erhalten bleiben. Mit Sven Kreidemeier hat der Verein nicht nur einen echten Leimbacher, sondern auch einen sehr erfahrenen und gut ausgebildeten DFB Elite-Trainer als sein Nachfolger verpflichten k\u00f6nnen. Unterst\u00fctzung erh\u00e4lt er dabei vom zuk\u00fcnftigen Co-Trainer Ren\u00e9 Kruse und dem Torwarttrainer Sebastian Hoth, die in Leimbach auch keine Unbekannten sind. Spieler und Trainer freuen sich auf die zuk\u00fcnftige Zusammenarbeit und wollen an die Erfolge der letzten Monate ankn\u00fcpfen.<\/div>\n<p>[\/vc_column_text][\/vc_column][\/vc_row]<\/p>\n","protected":false},"excerpt":{"rendered":"<p>[vc_row row_type=&#8220;row&#8220; use_row_as_full_screen_section=&#8220;no&#8220; type=&#8220;full_width&#8220; text_align=&#8220;left&#8220; background_animation=&#8220;none&#8220; css_animation=&#8220;&#8220;][vc_column][vc_column_text] Bei den Fu\u00dfballern der SG Leimbach steht ein Trainerwechsel an. Stephan Winsel, der die 1. Mannschaft aktuell bis auf Platz zwei in der Kreisliga-Tabelle gef\u00fchrt hat, beendet seine T\u00e4tigkeit aus pers\u00f6nlichen Gr\u00fcnden zum Ende der Saison. Ganz ans&#8230;<\/p>\n","protected":false},"author":1,"featured_media":423,"comment_status":"open","ping_status":"open","sticky":false,"template":"","format":"standard","meta":[],"categories":[10,3],"tags":[],"_links":{"self":[{"href":"https:\/\/www.sgleimbach.de\/index.php\/wp-json\/wp\/v2\/posts\/419"}],"collection":[{"href":"https:\/\/www.sgleimbach.de\/index.php\/wp-json\/wp\/v2\/posts"}],"about":[{"href":"https:\/\/www.sgleimbach.de\/index.php\/wp-json\/wp\/v2\/types\/post"}],"author":[{"embeddable":true,"href":"https:\/\/www.sgleimbach.de\/index.php\/wp-json\/wp\/v2\/users\/1"}],"replies":[{"embeddable":true,"href":"https:\/\/www.sgleimbach.de\/index.php\/wp-json\/wp\/v2\/comments?post=419"}],"version-history":[{"count":2,"href":"https:\/\/www.sgleimbach.de\/index.php\/wp-json\/wp\/v2\/posts\/419\/revisions"}],"predecessor-version":[{"id":579,"href":"https:\/\/www.sgleimbach.de\/index.php\/wp-json\/wp\/v2\/posts\/419\/revisions\/579"}],"wp:featuredmedia":[{"embeddable":true,"href":"https:\/\/www.sgleimbach.de\/index.php\/wp-json\/wp\/v2\/media\/423"}],"wp:attachment":[{"href":"https:\/\/www.sgleimbach.de\/index.php\/wp-json\/wp\/v2\/media?parent=419"}],"wp:term":[{"taxonomy":"category","embeddable":true,"href":"https:\/\/www.sgleimbach.de\/index.php\/wp-json\/wp\/v2\/categories?post=419"},{"taxonomy":"post_tag","embeddable":true,"href":"https:\/\/www.sgleimbach.de\/index.php\/wp-json\/wp\/v2\/tags?post=419"}],"curies":[{"name":"wp","href":"https:\/\/api.w.org\/{rel}","templated":true}]}}