{"id":1288,"date":"2019-09-29T10:01:06","date_gmt":"2019-09-29T08:01:06","guid":{"rendered":"https:\/\/www.sgleimbach.de\/?p=1288"},"modified":"2019-10-15T17:25:35","modified_gmt":"2019-10-15T15:25:35","slug":"vfb-artern_gegen_sg-leimbach","status":"publish","type":"post","link":"https:\/\/www.sgleimbach.de\/index.php\/2019\/09\/vfb-artern_gegen_sg-leimbach\/","title":{"rendered":"Vfb Artern &#8211; SG Leimbach"},"content":{"rendered":"<p>[vc_row row_type=&#8220;row&#8220; use_row_as_full_screen_section=&#8220;no&#8220; type=&#8220;grid&#8220; text_align=&#8220;left&#8220; background_animation=&#8220;none&#8220; css_animation=&#8220;&#8220;][vc_column][vc_column_text]Am achten Spieltag der Kreisoberliga war unser Team zu Gast beim VfB Artern und musste dort die erste Liga-Niederlage im Kalenderjahr 2019 hinnehmen. Gegen gut aufspielende und effektive Gastgeber hatte unsere Mannschaft wenig entgegenzusetzen. Die erste gro\u00dfe Chance hatte Marcus Busch der per Direktabnahme das Tor verfehlte. Quasi im Gegenzug nutzte Alexandro Franke eine Unstimmigkeit der Leimbacher Defensive und erh\u00f6hte auf 1:0. Mit diesem Spielstand ging es in die Pause. In der zweiten Halbzeit hatten wir uns viel vorgenommen, konnten die Leistung aber nicht auf den Platz bringen. Die Gastgeber wirkten frischer und waren besser im Spiel. In der 62. Spielminute erh\u00f6hte Alexandro Franke auf 2:0 f\u00fcr den VfB Artern. Philipp Busch hatte den Anschlusstreffer auf dem Fu\u00df, scheiterte aber am Torh\u00fcter Hannes Wagner. In Folge dessen versuchte unser Team das Ruder noch einmal herumzurei\u00dfen. Dadurch ergaben sich mehr R\u00e4ume und Konterchancen f\u00fcr Artern. Einen Konter in der 72. Spielminute schloss Jan-Niklas Beyer zum 3:0 Endstand ab. Mit dieser 3:0 Ausw\u00e4rtsniederlage geht es f\u00fcr unser Team in die Pokalspielpause.[\/vc_column_text][vc_empty_space][vc_column_text]<\/p>\n<h4>Tore<\/h4>\n<p>[\/vc_column_text][vc_column_text]1:0 Alexandro Franke (16.)<br \/>\n2:0 Alexandro Franke (62.)<br \/>\n3:0 Jan-Niklas Beyer (72.)[\/vc_column_text][vc_empty_space][vc_column_text]<\/p>\n<h4>Aufstellung<\/h4>\n<p>[\/vc_column_text][vc_empty_space][vc_column_text]<\/p>\n<p style=\"text-align: center;\">Gr\u00f6ger<\/p>\n<p style=\"text-align: center;\">Wiederhold, Ratajczak, Halm(70. Watterodt)<\/p>\n<p style=\"text-align: center;\">H\u00fcbler, Hesse<\/p>\n<p style=\"text-align: center;\">Knopp, Joachimi, Penzler, Teichmann<\/p>\n<p style=\"text-align: center;\">M. Busch(60. P. Busch)<\/p>\n<p>[\/vc_column_text][vc_empty_space height=&#8220;96px&#8220;][\/vc_column][\/vc_row][vc_row row_type=&#8220;row&#8220; use_row_as_full_screen_section=&#8220;no&#8220; type=&#8220;full_width&#8220; text_align=&#8220;left&#8220; background_animation=&#8220;none&#8220; css_animation=&#8220;&#8220;][vc_column][vc_gallery type=&#8220;image_grid&#8220; images=&#8220;1317,1319,1320,1321,1322,1323&#8243; img_size=&#8220;large&#8220; column_number=&#8220;3&#8243; grayscale=&#8220;no&#8220; space_between_images=&#8220;no&#8220;][\/vc_column][\/vc_row]<\/p>\n","protected":false},"excerpt":{"rendered":"<p>[vc_row row_type=&#8220;row&#8220; use_row_as_full_screen_section=&#8220;no&#8220; type=&#8220;grid&#8220; text_align=&#8220;left&#8220; background_animation=&#8220;none&#8220; css_animation=&#8220;&#8220;][vc_column][vc_column_text]Am achten Spieltag der Kreisoberliga war unser Team zu Gast beim VfB Artern und musste dort die erste Liga-Niederlage im Kalenderjahr 2019 hinnehmen. Gegen gut aufspielende und effektive Gastgeber hatte unsere Mannschaft wenig entgegenzusetzen. Die erste gro\u00dfe Chance hatte&#8230;<\/p>\n","protected":false},"author":1,"featured_media":1318,"comment_status":"open","ping_status":"open","sticky":false,"template":"","format":"standard","meta":[],"categories":[3,4],"tags":[],"_links":{"self":[{"href":"https:\/\/www.sgleimbach.de\/index.php\/wp-json\/wp\/v2\/posts\/1288"}],"collection":[{"href":"https:\/\/www.sgleimbach.de\/index.php\/wp-json\/wp\/v2\/posts"}],"about":[{"href":"https:\/\/www.sgleimbach.de\/index.php\/wp-json\/wp\/v2\/types\/post"}],"author":[{"embeddable":true,"href":"https:\/\/www.sgleimbach.de\/index.php\/wp-json\/wp\/v2\/users\/1"}],"replies":[{"embeddable":true,"href":"https:\/\/www.sgleimbach.de\/index.php\/wp-json\/wp\/v2\/comments?post=1288"}],"version-history":[{"count":2,"href":"https:\/\/www.sgleimbach.de\/index.php\/wp-json\/wp\/v2\/posts\/1288\/revisions"}],"predecessor-version":[{"id":1324,"href":"https:\/\/www.sgleimbach.de\/index.php\/wp-json\/wp\/v2\/posts\/1288\/revisions\/1324"}],"wp:featuredmedia":[{"embeddable":true,"href":"https:\/\/www.sgleimbach.de\/index.php\/wp-json\/wp\/v2\/media\/1318"}],"wp:attachment":[{"href":"https:\/\/www.sgleimbach.de\/index.php\/wp-json\/wp\/v2\/media?parent=1288"}],"wp:term":[{"taxonomy":"category","embeddable":true,"href":"https:\/\/www.sgleimbach.de\/index.php\/wp-json\/wp\/v2\/categories?post=1288"},{"taxonomy":"post_tag","embeddable":true,"href":"https:\/\/www.sgleimbach.de\/index.php\/wp-json\/wp\/v2\/tags?post=1288"}],"curies":[{"name":"wp","href":"https:\/\/api.w.org\/{rel}","templated":true}]}}