{"id":1191,"date":"2019-09-22T10:01:06","date_gmt":"2019-09-22T08:01:06","guid":{"rendered":"https:\/\/www.sgleimbach.de\/?p=1191"},"modified":"2019-09-24T11:19:01","modified_gmt":"2019-09-24T09:19:01","slug":"sg-leimbach_gegen_sv-rotweiss-kraja","status":"publish","type":"post","link":"https:\/\/www.sgleimbach.de\/index.php\/2019\/09\/sg-leimbach_gegen_sv-rotweiss-kraja\/","title":{"rendered":"SG Leimbach &#8211; SV Rot-Wei\u00df Kraja"},"content":{"rendered":"<p>[vc_row row_type=&#8220;row&#8220; use_row_as_full_screen_section=&#8220;no&#8220; type=&#8220;grid&#8220; text_align=&#8220;left&#8220; background_animation=&#8220;none&#8220; css_animation=&#8220;&#8220;][vc_column][vc_column_text]Am siebten Spieltag der Kreisoberliga hatten wir den SV Rot-Wei\u00df Kraja zu Gast. Unser Team brauchte f\u00fcnf Minuten um ins Spiel zu kommen. Marcus Busch k\u00f6pfte nach Flanke von Robert Knopp aus kurzer Distanz frei am Tor vorbei. Nach 14 Minuten schlenzte Moritz Penzler einen Freisto\u00df an der Sechzehnerkante zum 1:0 ins Tor. Von da an waren wir besser im Spiel. Zehn Minuten sp\u00e4ter konnten die G\u00e4ste den Ball nach einer Ecke nicht entscheidend kl\u00e4ren. Hannes Teichmann lie\u00df Marcus Pegelow im Tor der G\u00e4ste keine Chance und erh\u00f6hte auf 2:0. Zum Beginn der zweiten Halbzeit verlor unser Team ein wenig den Faden und das Spiel verflachte. In der 67. Spielminute erh\u00f6hte Steven Harthaus auf 3:0. Ein langer Diagonalball von Hannes Teichmann erreichte Eric Joachimi. Dieser legte quer, sodass Steven Harthaus den Ball nur noch \u00fcber die Linie dr\u00fccken musste. Die Schlussphase geh\u00f6rt nochmal den G\u00e4sten. Die Leimbacher Hintermannschaft war teilweise unsortiert, aber Kevin Gr\u00f6ger hielt seinen Kasten sauber.[\/vc_column_text][vc_empty_space][vc_column_text]<\/p>\n<h4>Tore<\/h4>\n<p>[\/vc_column_text][vc_column_text]1:0 Moritz Penzler (14.)<br \/>\n2:0 Hannes Teichmann (24.)<br \/>\n3:0 Steven Harthaus (68.)[\/vc_column_text][vc_empty_space][vc_column_text]<\/p>\n<h4>Aufstellung<\/h4>\n<p>[\/vc_column_text][vc_empty_space][vc_column_text]<\/p>\n<p style=\"text-align: center;\">Gr\u00f6ger<\/p>\n<p style=\"text-align: center;\">Wiederhold, Ratajczak, G\u00f6bel<\/p>\n<p style=\"text-align: center;\">H\u00fcbler, Hesse<\/p>\n<p style=\"text-align: center;\">Knopp(79. M\u00fcller), Joachimi(70. Barthel), Penzler(46. Harthaus), Teichmann<\/p>\n<p style=\"text-align: center;\">M. Busch<\/p>\n<p>[\/vc_column_text][vc_empty_space height=&#8220;96px&#8220;][\/vc_column][\/vc_row][vc_row row_type=&#8220;row&#8220; use_row_as_full_screen_section=&#8220;no&#8220; type=&#8220;full_width&#8220; text_align=&#8220;left&#8220; background_animation=&#8220;none&#8220; css_animation=&#8220;&#8220;][vc_column][vc_column_text]<\/p>\n<h3>Leider gab es keine Bilder vom Spiel.<\/h3>\n<p>[\/vc_column_text][\/vc_column][\/vc_row]<\/p>\n","protected":false},"excerpt":{"rendered":"<p>[vc_row row_type=&#8220;row&#8220; use_row_as_full_screen_section=&#8220;no&#8220; type=&#8220;grid&#8220; text_align=&#8220;left&#8220; background_animation=&#8220;none&#8220; css_animation=&#8220;&#8220;][vc_column][vc_column_text]Am siebten Spieltag der Kreisoberliga hatten wir den SV Rot-Wei\u00df Kraja zu Gast. Unser Team brauchte f\u00fcnf Minuten um ins Spiel zu kommen. Marcus Busch k\u00f6pfte nach Flanke von Robert Knopp aus kurzer Distanz frei am Tor vorbei. Nach&#8230;<\/p>\n","protected":false},"author":1,"featured_media":1218,"comment_status":"open","ping_status":"open","sticky":false,"template":"","format":"standard","meta":[],"categories":[3,4],"tags":[],"_links":{"self":[{"href":"https:\/\/www.sgleimbach.de\/index.php\/wp-json\/wp\/v2\/posts\/1191"}],"collection":[{"href":"https:\/\/www.sgleimbach.de\/index.php\/wp-json\/wp\/v2\/posts"}],"about":[{"href":"https:\/\/www.sgleimbach.de\/index.php\/wp-json\/wp\/v2\/types\/post"}],"author":[{"embeddable":true,"href":"https:\/\/www.sgleimbach.de\/index.php\/wp-json\/wp\/v2\/users\/1"}],"replies":[{"embeddable":true,"href":"https:\/\/www.sgleimbach.de\/index.php\/wp-json\/wp\/v2\/comments?post=1191"}],"version-history":[{"count":3,"href":"https:\/\/www.sgleimbach.de\/index.php\/wp-json\/wp\/v2\/posts\/1191\/revisions"}],"predecessor-version":[{"id":1258,"href":"https:\/\/www.sgleimbach.de\/index.php\/wp-json\/wp\/v2\/posts\/1191\/revisions\/1258"}],"wp:featuredmedia":[{"embeddable":true,"href":"https:\/\/www.sgleimbach.de\/index.php\/wp-json\/wp\/v2\/media\/1218"}],"wp:attachment":[{"href":"https:\/\/www.sgleimbach.de\/index.php\/wp-json\/wp\/v2\/media?parent=1191"}],"wp:term":[{"taxonomy":"category","embeddable":true,"href":"https:\/\/www.sgleimbach.de\/index.php\/wp-json\/wp\/v2\/categories?post=1191"},{"taxonomy":"post_tag","embeddable":true,"href":"https:\/\/www.sgleimbach.de\/index.php\/wp-json\/wp\/v2\/tags?post=1191"}],"curies":[{"name":"wp","href":"https:\/\/api.w.org\/{rel}","templated":true}]}}