{"id":1035,"date":"2019-09-03T08:01:06","date_gmt":"2019-09-03T06:01:06","guid":{"rendered":"https:\/\/www.sgleimbach.de\/?p=1035"},"modified":"2019-09-03T12:35:26","modified_gmt":"2019-09-03T10:35:26","slug":"konrad_brucke_neuzugang","status":"publish","type":"post","link":"https:\/\/www.sgleimbach.de\/index.php\/2019\/09\/konrad_brucke_neuzugang\/","title":{"rendered":"Willkommen Konrad!"},"content":{"rendered":"<p>[vc_row row_type=&#8220;row&#8220; use_row_as_full_screen_section=&#8220;no&#8220; type=&#8220;grid&#8220; text_align=&#8220;left&#8220; background_animation=&#8220;none&#8220; css_animation=&#8220;&#8220;][vc_column][vc_column_text]<\/p>\n<h3>Konrad Brucke, Verst\u00e4rkung aus Herrmannsacker<\/h3>\n<p>[\/vc_column_text][vc_empty_space][vc_column_text]Konrad ist ein Spieler, der uns aus den Begegnungen mit dem SV Herrmannsacker bekannt ist. Der 20-j\u00e4hrige absolvierte seine Jugend-Ausbildung beim TSV 1920 Niemburg und wechselte dann zur Saison 16\/17 zum SV Herrmansacker in die Kreisliga Nordth\u00fcringen. Nach drei Jahren und 57 Eins\u00e4tzen f\u00fcr den SV Herrmannsacker wechselt er nun zu uns.<\/p>\n<p>Wir freuen uns Konrad in unserem Team begr\u00fc\u00dfen zu d\u00fcrfen.[\/vc_column_text][vc_empty_space height=&#8220;96px&#8220;][\/vc_column][\/vc_row]<\/p>\n","protected":false},"excerpt":{"rendered":"<p>[vc_row row_type=&#8220;row&#8220; use_row_as_full_screen_section=&#8220;no&#8220; type=&#8220;grid&#8220; text_align=&#8220;left&#8220; background_animation=&#8220;none&#8220; css_animation=&#8220;&#8220;][vc_column][vc_column_text] Konrad Brucke, Verst\u00e4rkung aus Herrmannsacker [\/vc_column_text][vc_empty_space][vc_column_text]Konrad ist ein Spieler, der uns aus den Begegnungen mit dem SV Herrmannsacker bekannt ist. Der 20-j\u00e4hrige absolvierte seine Jugend-Ausbildung beim TSV 1920 Niemburg und wechselte dann zur Saison 16\/17 zum SV Herrmansacker&#8230;<\/p>\n","protected":false},"author":1,"featured_media":1063,"comment_status":"open","ping_status":"open","sticky":false,"template":"","format":"standard","meta":[],"categories":[3,13],"tags":[],"_links":{"self":[{"href":"https:\/\/www.sgleimbach.de\/index.php\/wp-json\/wp\/v2\/posts\/1035"}],"collection":[{"href":"https:\/\/www.sgleimbach.de\/index.php\/wp-json\/wp\/v2\/posts"}],"about":[{"href":"https:\/\/www.sgleimbach.de\/index.php\/wp-json\/wp\/v2\/types\/post"}],"author":[{"embeddable":true,"href":"https:\/\/www.sgleimbach.de\/index.php\/wp-json\/wp\/v2\/users\/1"}],"replies":[{"embeddable":true,"href":"https:\/\/www.sgleimbach.de\/index.php\/wp-json\/wp\/v2\/comments?post=1035"}],"version-history":[{"count":1,"href":"https:\/\/www.sgleimbach.de\/index.php\/wp-json\/wp\/v2\/posts\/1035\/revisions"}],"predecessor-version":[{"id":1064,"href":"https:\/\/www.sgleimbach.de\/index.php\/wp-json\/wp\/v2\/posts\/1035\/revisions\/1064"}],"wp:featuredmedia":[{"embeddable":true,"href":"https:\/\/www.sgleimbach.de\/index.php\/wp-json\/wp\/v2\/media\/1063"}],"wp:attachment":[{"href":"https:\/\/www.sgleimbach.de\/index.php\/wp-json\/wp\/v2\/media?parent=1035"}],"wp:term":[{"taxonomy":"category","embeddable":true,"href":"https:\/\/www.sgleimbach.de\/index.php\/wp-json\/wp\/v2\/categories?post=1035"},{"taxonomy":"post_tag","embeddable":true,"href":"https:\/\/www.sgleimbach.de\/index.php\/wp-json\/wp\/v2\/tags?post=1035"}],"curies":[{"name":"wp","href":"https:\/\/api.w.org\/{rel}","templated":true}]}}